[{"title":"Die Osterpause und danach","author":null,"type":"article","date":"2019-04-12T00:00:00+02:00","journal":[{"name":"Russland-Analysen","shortcode":"RA"}],"issue":"369","link":[{"url":"https:\/\/laender-analysen.de\/russland-analysen\/369\/die-osterpause-und-danach\/"}],"genre":"Editorial","pages":"2-2","abstract":"Die Russland-Analysen gehen f\u00fcr zwei Wochen in die Osterpause. Die n\u00e4chste Nummer erscheint am 3. Mai 2019. Wir werden uns dann unter anderem mit dem Thema Extremismus und Radikalisierung befassen. Einstweilen w\u00fcnschen wir Ihnen aber frohe Ostertage und gute Erholung!\n\nDie Redaktion der Russland-Analysen\nEvgeniya Bakalova, Katharina Hinz, Matthias Neumann, Heiko Pleines, Hartmut Schr\u00f6der, Alena Schwarz und Anastasia Stoll","tags":[{"country":"Russland"}],"identifier":null},{"title":"F\u00fcnf Jahre seit der Krimkrise","author":null,"type":"article","date":"2019-04-12T00:00:00+02:00","journal":[{"name":"Russland-Analysen","shortcode":"RA"}],"issue":"369","link":[{"url":"https:\/\/laender-analysen.de\/russland-analysen\/369\/fuenf-jahre-seit-der-krimkrise\/"}],"genre":"Editorial","pages":"2-2","abstract":"Vor f\u00fcnf Jahren, am 18. M\u00e4rz 2014, annektierte Russland nach einem umstrittenen Referendum die Krim. Aus diesem Anlass haben wir f\u00fchrende Osteuropa-Experten gebeten, einen Blick zur\u00fcckzuwerfen und eine Einsch\u00e4tzung der aktuellen Lage und Zukunftsaussichten vorzunehmen. Die rechtzeitig bei uns eingegangenen Texte werden hier im Autorenalphabet ver\u00f6ffentlicht. \n\nDie Redaktion der Russland-Analysen","tags":[{"country":"Russland"},{"country":"Ukraine"},{"topic":"Krim"},{"topic":"Beziehungen zu sonstigen Staaten"},{"topic":"Beziehungen zu internationalen Organisationen"}],"identifier":null},{"title":"Die Situation der Krimtataren nach 2014","author":[{"name":"Gasimov, Zaur","alternate":"Zaur Gasimov","firstname":"Zaur","lastname":"Gasimov","id":"zaur-gasimov","affiliation":[{"institution":"Orient-Institut Istanbul"}]}],"type":"article","date":"2019-04-12T00:00:00+02:00","journal":[{"name":"Russland-Analysen","shortcode":"RA"}],"issue":"369","link":[{"url":"https:\/\/laender-analysen.de\/russland-analysen\/369\/die-situation-der-krimtataren-nach-2014\/"}],"genre":"Kommentar","pages":"2-3","abstract":null,"tags":[{"country":"Russland"},{"country":"Ukraine"},{"topic":"Beziehungen zu den Staaten der ehemaligen Sowjetunion"},{"topic":"Krim"},{"topic":"Beziehungen zu sonstigen Staaten"},{"topic":"Ethnische Minderheiten"},{"topic":"Religion"},{"topic":"Menschenrechte"},{"topic":"Rechtssystem"}],"identifier":null},{"title":"F\u00fcnf Jahre nach der Krim-Annexion: Russland schaltet auf Autopilot","author":[{"name":"Heller, Regina","alternate":"Regina Heller","firstname":"Regina","lastname":"Heller","id":"regina-heller","affiliation":[{"institution":"Institut f\u00fcr Friedensforschung und Sicherheitspolitik an der Universit\u00e4t Hamburg"}]}],"type":"article","date":"2019-04-12T00:00:00+02:00","journal":[{"name":"Russland-Analysen","shortcode":"RA"}],"issue":"369","link":[{"url":"https:\/\/laender-analysen.de\/russland-analysen\/369\/fuenf-jahre-nach-der-krim-annexion-russland-schaltet-auf-autopilot\/"}],"genre":"Kommentar","pages":"4-5","abstract":null,"tags":[{"country":"Russland"},{"country":"Ukraine"},{"topic":"Beziehungen zu den Staaten der ehemaligen Sowjetunion"},{"topic":"Beziehungen zur NATO"},{"topic":"Krim"},{"topic":"Wirtschaftsentwicklung und Wirtschaftspolitik"},{"topic":"Politische Stimmung (Umfragen)"}],"identifier":null},{"title":"M\u00f6gliche Rassendiskriminierung auf der Krim \u2013 Ukraine vs. Russland vor dem Internationalen Gerichtshof","author":[{"name":"Koval, Dmytro","alternate":"Dmytro Koval","firstname":"Dmytro","lastname":"Koval","id":"dmytro-koval","affiliation":[{"institution":"Nationale Universit\u00e4t Kiew-Mohyla-Akademie"}]}],"type":"article","date":"2019-04-12T00:00:00+02:00","journal":[{"name":"Russland-Analysen","shortcode":"RA"}],"issue":"369","link":[{"url":"https:\/\/laender-analysen.de\/russland-analysen\/369\/moegliche-rassendiskriminierung-auf-der-krim-ukraine-vs-russland-vor-dem-internationalen-gerichtshof\/"}],"genre":"Kommentar","pages":"6-8","abstract":null,"tags":[{"country":"Russland"},{"country":"Ukraine"},{"topic":"Beziehungen zu den Staaten der ehemaligen Sowjetunion"},{"topic":"Beziehungen zu internationalen Organisationen"},{"topic":"Krim"},{"topic":"Ethnische Minderheiten"},{"topic":"Menschenrechte"}],"identifier":null},{"title":"Russische Infrastrukturprojekte auf der Krim \u2013 Zwischenbilanz","author":[{"name":"Kusznir, Julia","alternate":"Julia Kusznir","firstname":"Julia","lastname":"Kusznir","id":"julia-kusznir","affiliation":[{"institution":"Jacobs University Bremen"}]}],"type":"article","date":"2019-04-12T00:00:00+02:00","journal":[{"name":"Russland-Analysen","shortcode":"RA"}],"issue":"369","link":[{"url":"https:\/\/laender-analysen.de\/russland-analysen\/369\/russische-infrastrukturprojekte-auf-der-krim-zwischenbilanz\/"}],"genre":"Kommentar","pages":"8-9","abstract":null,"tags":[{"country":"Russland"},{"country":"Ukraine"},{"topic":"Beziehungen zu den Staaten der ehemaligen Sowjetunion"},{"topic":"Krim"},{"topic":"Energiewirtschaft, Pipelines"},{"topic":"Wirtschaftsentwicklung und Wirtschaftspolitik"}],"identifier":null},{"title":"F\u00fcnf Jahre Krimkrise \u2013 Auswirkungen auf die russische Innenpolitik","author":[{"name":"Meister, Stefan","alternate":"Stefan Meister","firstname":"Stefan","lastname":"Meister","id":"stefan-meister","affiliation":[{"institution":"Deutsche Gesellschaft f\u00fcr Ausw\u00e4rtige Politik, Berlin \/ Heinrich B\u00f6ll Stiftung, Tiflis"}]}],"type":"article","date":"2019-04-12T00:00:00+02:00","journal":[{"name":"Russland-Analysen","shortcode":"RA"}],"issue":"369","link":[{"url":"https:\/\/laender-analysen.de\/russland-analysen\/369\/fuenf-jahre-krimkrise-auswirkungen-auf-die-russische-innenpolitik\/"}],"genre":"Kommentar","pages":"10-11","abstract":null,"tags":[{"country":"Russland"},{"country":"Ukraine"},{"topic":"Krim"},{"topic":"Beziehungen zu den Staaten der ehemaligen Sowjetunion"},{"topic":"Innere Sicherheit und Geheimdienste"},{"topic":"Politische Stimmung (Umfragen)"},{"topic":"Wirtschaftsentwicklung und Wirtschaftspolitik"}],"identifier":null},{"title":"R\u00fcckblick auf den f\u00fcnften Jahrestag der Krim-Annexion","author":[{"name":"Sasse, Gwendolyn","alternate":"Gwendolyn Sasse","firstname":"Gwendolyn","lastname":"Sasse","id":"gwendolyn-sasse","affiliation":[{"institution":"Zentrum f\u00fcr Osteuropa- und internationale Studien, Berlin"}]}],"type":"article","date":"2019-04-12T00:00:00+02:00","journal":[{"name":"Russland-Analysen","shortcode":"RA"}],"issue":"369","link":[{"url":"https:\/\/laender-analysen.de\/russland-analysen\/369\/rueckblick-auf-den-fuenften-jahrestag-der-krim-annexion\/"}],"genre":"Kommentar","pages":"11-12","abstract":null,"tags":[{"country":"Russland"},{"country":"Ukraine"},{"topic":"Beziehungen zu den Staaten der ehemaligen Sowjetunion"},{"topic":"Krim"},{"topic":"Politische Stimmung (Umfragen)"},{"topic":"Kulturelle Identit\u00e4t"}],"identifier":null},{"title":"Die gerichtliche Aufarbeitung","author":[{"name":"von Gall, Caroline","alternate":"Caroline von Gall","firstname":"Caroline","lastname":"von Gall","id":"caroline-von-gall","affiliation":[{"institution":"Universit\u00e4t zu K\u00f6ln"}]}],"type":"article","date":"2019-04-12T00:00:00+02:00","journal":[{"name":"Russland-Analysen","shortcode":"RA"}],"issue":"369","link":[{"url":"https:\/\/laender-analysen.de\/russland-analysen\/369\/die-gerichtliche-aufarbeitung\/"}],"genre":"Kommentar","pages":"12-14","abstract":null,"tags":[{"country":"Russland"},{"country":"Ukraine"},{"topic":"Beziehungen zu den Staaten der ehemaligen Sowjetunion"},{"topic":"Krim"},{"topic":"Beziehungen zu internationalen Organisationen"},{"topic":"Menschenrechte"},{"topic":"Ethnische Minderheiten"},{"topic":"Rechtssystem"}],"identifier":null},{"title":"Einstellung der russischen Bev\u00f6lkerung zur Annexion der Krim","author":null,"type":"article","date":"2019-04-12T00:00:00+02:00","journal":[{"name":"Russland-Analysen","shortcode":"RA"}],"issue":"369","link":[{"url":"https:\/\/laender-analysen.de\/russland-analysen\/369\/einstellung-der-russischen-bevoelkerung-zur-annexion-der-krim\/"}],"genre":"Umfragen","pages":"15-17","abstract":null,"tags":[{"country":"Russland"},{"country":"Ukraine"},{"topic":"Krim"},{"topic":"Beziehungen zu den Staaten der ehemaligen Sowjetunion"},{"topic":"Ukraine-Krise"}],"identifier":null},{"title":"Die Krim \u2013 ist das V\u00f6lkerrecht fit genug?","author":[{"name":"Busol, Kateryna","alternate":"Kateryna Busol","firstname":"Kateryna","lastname":"Busol","id":"kateryna-busol","affiliation":[{"institution":"Global Rights Compliance, Kiew"}]},{"name":"Issaeva, Maria","alternate":"Maria Issaeva","firstname":"Maria","lastname":"Issaeva","id":"maria-issaeva","affiliation":[{"institution":"Threefold Legal Advisors LLC, Moskau"}]},{"name":"Wittke, Cindy","alternate":"Cindy Wittke","firstname":"Cindy","lastname":"Wittke","id":"cindy-wittke","affiliation":[{"institution":"Leibniz-Institut f\u00fcr Ost- und S\u00fcdosteuropaforschung, Regensburg"}]}],"type":"article","date":"2019-04-12T00:00:00+02:00","journal":[{"name":"Russland-Analysen","shortcode":"RA"}],"issue":"369","link":[{"url":"https:\/\/laender-analysen.de\/russland-analysen\/369\/die-krim-ist-das-voelkerrecht-fit-genug\/"}],"genre":"Im Gespr\u00e4ch","pages":"17-23","abstract":"Der folgende Beitrag erschien zuerst am 20.03.2019 im Multimedia-Dossier Archipel Krim (https:\/\/crimea.dekoder.org\/recht). Diese Publikation ist im Rahmen des Projektes Wissenstransfer hoch zwei \u2013 Russlandstu-dien, das von der Forschungsstelle Osteuropa an der Universit\u00e4t Bremen und dekoder.org mit finanzieller Unterst\u00fctzung der VolkswagenStiftung durchgef\u00fchrt wird, und in Zusammenarbeit mit dem Zentrum f\u00fcr Osteuropa- und internationale Studien (ZOiS) entstanden (https:\/\/crimea.dekoder.org\/de).","tags":[{"country":"Russland"},{"country":"Ukraine"},{"topic":"Krim"},{"topic":"Beziehungen zu den Staaten der ehemaligen Sowjetunion"},{"topic":"Beziehungen zu internationalen Organisationen"},{"topic":"Rechtssystem"}],"identifier":null},{"title":"Neues Multimedia-Dossier zur Krim","author":null,"type":"article","date":"2019-04-12T00:00:00+02:00","journal":[{"name":"Russland-Analysen","shortcode":"RA"}],"issue":"369","link":[{"url":"https:\/\/laender-analysen.de\/russland-analysen\/369\/neues-multimedia-dossier-zur-krim\/"}],"genre":"Editorial","pages":"24-24","abstract":"Das Multimedia-Dossier Archipel Krim ist ein Kooperationsprojekt von dekoder.org, dem Zentrum f\u00fcr Osteuropa und internationale Studien in Berlin (ZOiS) und der Forschungsstelle Osteuropa an der Universit\u00e4t Bremen (FSO).\nDas Online-Dossier bietet viele verschiedene Debatten rund um die Krim ab \u2013 von der v\u00f6lkerrechtlichen Perspektive (Anm. d. Red.: Diesen Teil des Dossiers haben wir in der vorliegenden Ausgabe der Russland-Analysen \u00fcbernommen, siehe S. 17\u201322) bis zu den g\u00e4ngigen Krim-Narrativen, die den Krim-Diskurs ausmachen.\nDas Dossier wurde von Wissenschaftlern, Journalisten und Medien-Entwicklern gemeinsam konzipiert und umgesetzt und bildet eine Schnittstelle zwischen Wissenschaft und Journalismus.\nArchipel Krim entsteht im Rahmen des Projektes Wissenstransfer hoch zwei \u2013 Russlandstudien, das von dekoder.org und der Forschungsstelle Osteuropa an der Universit\u00e4t Bremen (FSO) mit finanzieller Unterst\u00fctzung der VolkswagenStiftung durchgef\u00fchrt wird.\nDas Multimedia-Dossier ist in vier Sprachen zug\u00e4nglich (Deutsch, Englisch, Russisch, Ukrainisch) und unter dem folgenden Link abrufbar: https:\/\/crimea.dekoder.org\/","tags":[{"country":"Russland"},{"country":"Ukraine"},{"topic":"Krim"},{"topic":"Beziehungen zu den Staaten der ehemaligen Sowjetunion"}],"identifier":null},{"title":"Verurteilung des Menschenrechtsaktivisten Ojub Titijew","author":null,"type":"article","date":"2019-04-12T00:00:00+02:00","journal":[{"name":"Russland-Analysen","shortcode":"RA"}],"issue":"369","link":[{"url":"https:\/\/laender-analysen.de\/russland-analysen\/369\/verurteilung-des-menschenrechtsaktivisten-ojub-titijew\/"}],"genre":"Dokumentation","pages":"25-25","abstract":null,"tags":[{"country":"Russland"},{"topic":"Menschenrechte"},{"topic":"Rechtssystem"},{"topic":"Nordkaukasus"}],"identifier":null}]