[{"title":"Der Ball rollt. Fu\u00dfball in Polen und die EURO 2012","author":[{"name":"Behrens, Thomas","alternate":"Thomas Behrens","firstname":"Thomas","lastname":"Behrens","id":"thomas-behrens","affiliation":[{"institution":"Bonn"}]}],"type":"article","date":"2011-02-15T00:00:00+01:00","journal":[{"name":"Polen-Analysen","shortcode":"PA"}],"issue":"84","link":[{"url":"https:\/\/laender-analysen.de\/polen-analysen\/84\/der-ball-rollt-fussball-in-polen-und-die-euro-2012\/"}],"genre":"Analyse","pages":"2-8","abstract":"Am 17. November 2010 feierte die polnische Fu\u00dfball-Nationalelf mit einem 3:1 gegen die Mannschaft der Elfenbeink\u00fcste ihren ersten Sieg im neu er\u00f6ffneten EM-Stadion von Posen. In den Wochen vor Weihnachten reisten zwei fr\u00f6hliche, bunte Maskottchen mit Punkfrisur \u2013 Slavek und Slavko \u2013 quer durch Polen, um Werbung f\u00fcr ein Gro\u00dfereignis zu machen, das seine Schatten voraus wirft: Die Fu\u00dfball-Europameisterschaft 2012 in Polen und der Ukraine. Aus diesem Anlass soll ein \u00dcberblick \u00fcber den Polnischen Fu\u00dfballverband, seine Historie und die Probleme der letzten Jahre gegeben werden. Im Anschluss befasst sich ein Exkurs mit den deutsch-polnischen Beziehungen im Bereich der Nationalmannschaften, bevor das Projekt \u00bbEURO 2012\u00ab in den Blick genommen wird. Wie wird die EURO organisiert, welche wirtschaftlichen Erwartungen weckt das Turnier in Polen und welche gesellschaftlich-politische Bedeutung kn\u00fcpft sich an die Austragung des weltweit drittgr\u00f6\u00dften Sport-Events? ","tags":[{"country":"Polen"},{"topic":"Beziehungen zur EU"},{"topic":"Beziehungen zu internationalen Organisationen"},{"topic":"Sport"},{"topic":"Innenpolitik"},{"topic":"Wirtschaft + Umwelt"},{"topic":"Gesellschaft + Soziales"}],"identifier":[{"name":"10.31205\/PA.084.01","type":"DOI","url":"https:\/\/doi.org\/10.31205\/PA.084.01"}]},{"title":"Umfragen zur EURO 2012","author":null,"type":"article","date":"2011-02-15T00:00:00+01:00","journal":[{"name":"Polen-Analysen","shortcode":"PA"}],"issue":"84","link":[{"url":"https:\/\/laender-analysen.de\/polen-analysen\/84\/umfragen-zur-euro-2012\/"}],"genre":"Umfragen","pages":"8-9","abstract":null,"tags":[{"country":"Polen"},{"topic":"Beziehungen zur EU"},{"topic":"Politische Stimmung (Umfragen)"},{"topic":"Sport"},{"topic":"Innenpolitik"},{"topic":"Wirtschaft + Umwelt"},{"topic":"Gesellschaft + Soziales"}],"identifier":null},{"title":"Projekte im Rahmen der Vorbereitungen zur EURO 2012","author":null,"type":"article","date":"2011-02-15T00:00:00+01:00","journal":[{"name":"Polen-Analysen","shortcode":"PA"}],"issue":"84","link":[{"url":"https:\/\/laender-analysen.de\/polen-analysen\/84\/projekte-im-rahmen-der-vorbereitungen-zur-euro-2012\/"}],"genre":"Tabellen und Grafiken","pages":"9-11","abstract":null,"tags":[{"country":"Polen"},{"topic":"Beziehungen zur EU"},{"topic":"Sport"},{"topic":"Wirtschaftsentwicklung und Wirtschaftspolitik"},{"topic":"Innenpolitik"},{"topic":"Wirtschaft + Umwelt"},{"topic":"Gesellschaft + Soziales"}],"identifier":null}]