[{"title":"Halbzeitbilanz der Regierung Tusk","author":[{"name":"Vetter, Reinhold","alternate":"Reinhold Vetter","firstname":"Reinhold","lastname":"Vetter","id":"reinhold-vetter","affiliation":null}],"type":"article","date":"2009-12-01T00:00:00+01:00","journal":[{"name":"Polen-Analysen","shortcode":"PA"}],"issue":"62","link":[{"url":"https:\/\/laender-analysen.de\/polen-analysen\/62\/halbzeitbilanz-der-regierung-tusk\/"}],"genre":"Analyse","pages":"2-8","abstract":"Zwei Jahre nach ihrem Amtsantritt im November 2007 sitzt die Regierungskoalition aus B\u00fcrgerplattform (Platforma Obywatelska \u2013 PO) und Polnischer Bauernpartei (Polskie Stronnictwo Ludowe \u2013 PSL) relativ fest im Sattel. Vorerst deutet nichts darauf hin, dass die Opposition in Gestalt von Recht und Gerechtigkeit (Prawo i Sprawiedliwo\u015b\u0107 \u2013 PiS) und der Demokratischen Linksallianz (Sojusz Lewicy Demokratycznej \u2013 SLD) bei der Parlamentswahl im Jahr 2011 in der Lage sein k\u00f6nnte, die Machtverh\u00e4ltnisse umzukehren. Auch ein Sieg von Ministerpr\u00e4sident Donald Tusk bei der Pr\u00e4sidentenwahl 2010, sollte er tats\u00e4chlich antreten, scheint m\u00f6glich. Alle bisherigen Meinungsumfragen sprechen daf\u00fcr, dass die W\u00e4hler keinen Machtwechsel wollen \u2013 und dies, obwohl Tusk und die PO bei weitem nicht alle Versprechen erf\u00fcllt haben, die sie im Wahlkampf 2007 gegeben hatten. Mehr noch: von dem b\u00fcrgerlich-demokratischen Aufbruch, der sich mit der Wahl 2007 andeutete, ist kaum noch etwas zu sp\u00fcren. Tusk zieht hinter den Kulissen die F\u00e4den und tritt ab und zu mit Grundsatzerkl\u00e4rungen an die \u00d6ffentlichkeit, verliert aber mehr und mehr den Kontakt zu den B\u00fcrgern. So drohen der PO und der Koalition am ehesten Gefahren von innen, wie die \u00bbGl\u00fccksspielaff\u00e4re\u00ab gezeigt hat. ","tags":[{"country":"Polen"},{"topic":"Politisches System"},{"topic":"Parteien"},{"topic":"Wahlen"},{"topic":"Zivilgesellschaft"},{"topic":"Innenpolitik"}],"identifier":[{"name":"10.31205\/PA.062.01","type":"DOI","url":"https:\/\/doi.org\/10.31205\/PA.062.01"}]},{"title":"Meinungsumfragen zur Regierung Tusk","author":null,"type":"article","date":"2009-12-01T00:00:00+01:00","journal":[{"name":"Polen-Analysen","shortcode":"PA"}],"issue":"62","link":[{"url":"https:\/\/laender-analysen.de\/polen-analysen\/62\/meinungsumfragen-zur-regierung-tusk\/"}],"genre":"Umfragen","pages":"9-10","abstract":null,"tags":[{"country":"Polen"},{"topic":"Parteien"},{"topic":"Wahlen"},{"topic":"Politische Stimmung (Umfragen)"},{"topic":"Innenpolitik"}],"identifier":null}]