[{"title":"Polen: Wirtschaftlicher Stabilit\u00e4tsfaktor in Ostmitteleuropa?","author":[{"name":"Deuber, Gunter","alternate":"Gunter Deuber","firstname":"Gunter","lastname":"Deuber","id":"gunter-deuber","affiliation":null},{"name":"Wolf, Anna","alternate":"Anna Wolf","firstname":"Anna","lastname":"Wolf","id":"anna-wolf","affiliation":null}],"type":"article","date":"2009-10-06T00:00:00+02:00","journal":[{"name":"Polen-Analysen","shortcode":"PA"}],"issue":"58","link":[{"url":"https:\/\/laender-analysen.de\/polen-analysen\/58\/polens-wirtschaftliche-lage-in-der-krise\/"}],"genre":"Analyse","pages":"2-6","abstract":"Im Vergleich zu anderen ostmitteleurop\u00e4ischen EU-Mitgliedsl\u00e4ndern (MOEL = Mittel- und Osteuropa) und dem Gros der EU-15 L\u00e4nder Westeuropas erscheint Polens Volkswirtschaft bemerkenswert stabil. Diese Position sollte jedoch nicht \u00fcbersch\u00e4tzt werden. Die globale Finanz- und Wirtschaftskrise hat Strukturschw\u00e4chen offenbart, die entschlossener Reformierung bed\u00fcrfen. Innenpolitische Konstellationen erschweren jedoch eine aktive Reformpolitik. In einem optimistischen Szenario k\u00f6nnte Polen dennoch als relativer wirtschaftlicher Krisengewinner und erfolgreicher Reformer glaubw\u00fcrdig versuchen, die wirtschaftliche EU-Agenda zu pr\u00e4gen. ","tags":[{"country":"Polen"},{"topic":"Beziehungen zur EU"},{"topic":"Staatsverwaltung"},{"topic":"Au\u00dfenwirtschaft"},{"topic":"Wirtschaftsentwicklung und Wirtschaftspolitik"},{"topic":"Au\u00dfenpolitik"},{"topic":"Wirtschaft + Umwelt"}],"identifier":[{"name":"10.31205\/PA.058.01","type":"DOI","url":"https:\/\/doi.org\/10.31205\/PA.058.01"}]},{"title":"Makro\u00f6konomische Indikatoren: Polen","author":null,"type":"article","date":"2009-10-06T00:00:00+02:00","journal":[{"name":"Polen-Analysen","shortcode":"PA"}],"issue":"58","link":[{"url":"https:\/\/laender-analysen.de\/polen-analysen\/58\/makrooekonomische-indikatoren-polen\/"}],"genre":"Tabellen und Grafiken","pages":"7-11","abstract":null,"tags":[{"country":"Polen"},{"topic":"Beziehungen zur EU"},{"topic":"Politisches System"},{"topic":"Staatsverwaltung"},{"topic":"Wirtschaftsentwicklung und Wirtschaftspolitik"},{"topic":"Au\u00dfenpolitik"},{"topic":"Wirtschaft + Umwelt"}],"identifier":null},{"title":"Wirtschafts- und Bankenkennzahlen im internationalen Vergleich","author":null,"type":"article","date":"2009-10-06T00:00:00+02:00","journal":[{"name":"Polen-Analysen","shortcode":"PA"}],"issue":"58","link":[{"url":"https:\/\/laender-analysen.de\/polen-analysen\/58\/wirtschafts-und-bankenkennzahlen-im-internationalen-vergleich\/"}],"genre":"Tabellen und Grafiken","pages":"12-18","abstract":null,"tags":[{"country":"Polen"},{"topic":"Beziehungen zur EU"},{"topic":"Wirtschaftsentwicklung und Wirtschaftspolitik"},{"topic":"Au\u00dfenpolitik"},{"topic":"Wirtschaft + Umwelt"},{"topic":"Beziehungen zu sonstigen Staaten"}],"identifier":null},{"title":"Das Verh\u00e4ltnis zur Regierung Tusk und zur Mitgliedschaft in der EU","author":null,"type":"article","date":"2009-10-06T00:00:00+02:00","journal":[{"name":"Polen-Analysen","shortcode":"PA"}],"issue":"58","link":[{"url":"https:\/\/laender-analysen.de\/polen-analysen\/58\/das-verhaeltnis-zur-regierung-tusk-und-zur-mitgliedschaft-in-der-eu\/"}],"genre":"Umfragen","pages":"19-21","abstract":null,"tags":[{"country":"Polen"},{"topic":"Beziehungen zur EU"},{"topic":"Parteien"},{"topic":"Politisches System"},{"topic":"Au\u00dfenpolitik"},{"topic":"Wirtschaft + Umwelt"}],"identifier":null}]