[{"title":"Die IV. Republik und Deutschland: Eine Anatomie des Misstrauens","author":[{"name":"Buras, Piotr","alternate":"Piotr Buras","firstname":"Piotr","lastname":"Buras","id":"piotr-buras","affiliation":null}],"type":"article","date":"2006-12-19T00:00:00+01:00","journal":[{"name":"Polen-Analysen","shortcode":"PA"}],"issue":"3","link":[{"url":"https:\/\/laender-analysen.de\/polen-analysen\/3\/die-iv-republik-und-deutschland-eine-anatomie-des-misstrauens\/"}],"genre":"Analyse","pages":"2-6","abstract":"Die aktuelle polnische Deutschlandpolitik resultiert weniger aus einem antideutschen Reflex als vielmehr aus politischen und gesellschaftlichen Ver\u00e4nderungen auf polnischer wie auf deutscher Seite. Tats\u00e4chlich war die Partnerschaft mit Deutschland f\u00fcr die Regierungen nach 1989 priorit\u00e4r. Durch die Integration in NATO und EU ist f\u00fcr Polen jedoch eine neue au\u00dfenpolitische Situation entstanden. Ziel ist es nun, Polen selbstst\u00e4ndig in der EU zu etablieren und je nach Interessenlage Partner f\u00fcr eigene politische Positionen zu suchen. Deutschland wird in diesem Kontext vorgeworfen, dass es Polen nicht als Subjekt behandele und sein Bekenntnis zur Partnerschaft mit Polen nur den Charakter politischer Deklarationen habe. Zu der daraus entstandenen Entt\u00e4uschung gegen\u00fcber Deutschland kommt die Sorge \u00fcber Ver\u00e4nderungen im deutschen kollektiven Ged\u00e4chtnis. Die in Polen wahrgenommene zunehmende Diskussion \u00fcber die deutschen Opfer des Zweiten Weltkriegs weckt Bef\u00fcrchtungen, dass in Deutschland die Tendenz besteht, das Geschichtsbild zu revidieren. Darin scheint der Kern der heutigen deutsch-polnischen historisch-politischen Missverst\u00e4ndnisse zu liegen. W\u00e4hrend der \u201eGeschichtsrevisionismus\u201c in Deutschland einer von vielen Beitr\u00e4gen im pluralistischen historisch-politischen Diskurs ist, \u00fcberwiegt in Polen die Einsch\u00e4tzung, dass es sich um eine dominierende Str\u00f6mung handelt, die sich im \u201eoffiziellen\u201c Ged\u00e4chtnis etabliert hat. ","tags":[{"country":"Polen"},{"topic":"Beziehungen zur EU"},{"topic":"Beziehungen zur NATO"},{"topic":"Politisches System"},{"topic":"Geschichtsbewusstsein und Vergangenheitspolitik"},{"topic":"Kulturelle Identit\u00e4t"},{"topic":"Au\u00dfenpolitik"}],"identifier":[{"name":"10.31205\/PA.003.01","type":"DOI","url":"https:\/\/doi.org\/10.31205\/PA.003.01"}]},{"title":"Das Verh\u00e4ltnis der Polen zu ausgew\u00e4hlten Nationen","author":null,"type":"article","date":"2006-12-19T00:00:00+01:00","journal":[{"name":"Polen-Analysen","shortcode":"PA"}],"issue":"3","link":[{"url":"https:\/\/laender-analysen.de\/polen-analysen\/3\/das-verhaeltnis-der-polen-zu-ausgewaehlten-nationen\/"}],"genre":"Umfragen","pages":"7-12","abstract":null,"tags":[{"country":"Polen"},{"topic":"Beziehungen zur EU"},{"topic":"Au\u00dfenpolitik"},{"topic":"Beziehungen zu sonstigen Staaten"}],"identifier":null},{"title":"Pressestatements von Bundeskanzlerin Angela Merkel und dem Premierminister der Republik Polen, Jaroslaw Kaczynski","author":null,"type":"article","date":"2006-12-19T00:00:00+01:00","journal":[{"name":"Polen-Analysen","shortcode":"PA"}],"issue":"3","link":[{"url":"https:\/\/laender-analysen.de\/polen-analysen\/3\/pressestatements-von-bundeskanzlerin-angela-merkel-und-dem-premierminister-der-republik-polen-jaroslaw-kaczynski\/"}],"genre":"Dokumentation","pages":"12-14","abstract":null,"tags":[{"country":"Polen"},{"topic":"Beziehungen zur EU"},{"topic":"Au\u00dfenpolitik"}],"identifier":null}]