[{"title":"Die politisch-kulturelle Dimension der Frauenproteste in Polen","author":[{"name":"Mie\u0144kowska-Norkiene, Renata","alternate":"Renata Mie\u0144kowska-Norkiene","firstname":"Renata","lastname":"Mie\u0144kowska-Norkiene","id":"renata-mienkowska-norkiene","affiliation":[{"institution":"Universit\u00e4t Warschau"}]}],"type":"article","date":"2020-12-15T00:00:00+01:00","journal":[{"name":"Polen-Analysen","shortcode":"PA"}],"issue":"267","link":[{"url":"https:\/\/laender-analysen.de\/polen-analysen\/267\/die-politisch-kulturelle-dimension-der-frauenproteste-in-polen\/"}],"genre":"Analyse","pages":"2-6","abstract":"In Polen ist eine neue gesellschaftliche Bewegung entstanden, die trotz Corona-Pandemie in Massen auf den Stra\u00dfen der polnischen St\u00e4dte protestiert. Wird sie etwas in der polnischen Politik ver\u00e4ndern? Aufgrund der gro\u00dfen Unsicherheit infolge der Corona-Pandemie, aber auch des angedrohten Vetos der polnischen Regierung gegen das EU-Haushaltspaket ist es schwer, vorherzusagen, welche Ereignisse Chancen haben, in allern\u00e4chster Zeit auf eine echte politische Ver\u00e4nderung in Polen hinzuwirken. Zweifellos wird aber eine wesentliche kulturelle Ver\u00e4nderung eintreten \u2013 die Abkehr der Polen, insbesondere der jungen Menschen, von der Religiosit\u00e4t und das zunehmende Bed\u00fcrfnis, die Gleichheit der Geschlechter sowie auch der LGBT+-Personen zu garantieren. Diese kulturelle Ver\u00e4nderung treibt die gesellschaftliche Bewegung an, die vom Netzwerk \u00bbLandesweiter Frauenstreik\u00ab (Og\u00f3lnopolski Strajk Kobiet) organisiert wird. Sie kann der wichtigste Faktor sein, der dem Regierungslager der Vereinigten Rechten (Zjednoczona Prawica) in den kommenden Wahlen die Macht entzieht \u2013 unabh\u00e4ngig davon, ob die Wahlen ins Fr\u00fchjahr 2021 vorgezogen oder regul\u00e4r erst in drei Jahren stattfinden werden. Allerdings wird auch viel davon abh\u00e4ngen, inwieweit die Opposition f\u00e4hig sein wird, das Potential der Bewegung zu nutzen. ","tags":[{"country":"Polen"},{"topic":"Gender (Geschlechterrollen)"},{"topic":"Proteste"},{"topic":"Zivilgesellschaft"}],"identifier":[{"name":"10.31205\/PA.267.01","type":"DOI","url":"https:\/\/doi.org\/10.31205\/PA.267.01"}]},{"title":"Das Netzwerk &quot;Landesweiter Frauenstreik&quot;: \u00dcber uns","author":null,"type":"article","date":"2020-12-15T00:00:00+01:00","journal":[{"name":"Polen-Analysen","shortcode":"PA"}],"issue":"267","link":[{"url":"https:\/\/laender-analysen.de\/polen-analysen\/267\/das-netzwerk-landesweiter-frauenstreik-ueber-uns\/"}],"genre":"Dokumentation","pages":"7-7","abstract":null,"tags":[{"country":"Polen"},{"topic":"Gender (Geschlechterrollen)"},{"topic":"Proteste"},{"topic":"Zivilgesellschaft"}],"identifier":null},{"title":"Das Netzwerk &quot;Landesweiter Frauenstreik&quot;: Forderungen","author":null,"type":"article","date":"2020-12-15T00:00:00+01:00","journal":[{"name":"Polen-Analysen","shortcode":"PA"}],"issue":"267","link":[{"url":"https:\/\/laender-analysen.de\/polen-analysen\/267\/das-netzwerk-landesweiter-frauenstreik-forderungen\/"}],"genre":"Dokumentation","pages":"7-8","abstract":null,"tags":[{"country":"Polen"},{"topic":"Gender (Geschlechterrollen)"},{"topic":"Proteste"},{"topic":"Zivilgesellschaft"}],"identifier":null},{"title":"Erkl\u00e4rung des Pr\u00e4sidenten der Republik Polen zum Urteil des Verfassungstribunals \u00fcber das Abtreibungsrecht sowie zu den gesellschaftlichen Reaktionen","author":null,"type":"article","date":"2020-12-15T00:00:00+01:00","journal":[{"name":"Polen-Analysen","shortcode":"PA"}],"issue":"267","link":[{"url":"https:\/\/laender-analysen.de\/polen-analysen\/267\/erklaerung-des-praesidenten-der-republik-polen-zum-urteil-des-verfassungstribunals-ueber-das-abtreibungsrecht-sowie-zu-den\/"}],"genre":"Dokumentation","pages":"8-9","abstract":null,"tags":[{"country":"Polen"},{"topic":"Gender (Geschlechterrollen)"},{"topic":"Proteste"}],"identifier":null},{"title":"Einstellungen zu Abtreibung und zu den Frauenprotesten","author":null,"type":"article","date":"2020-12-15T00:00:00+01:00","journal":[{"name":"Polen-Analysen","shortcode":"PA"}],"issue":"267","link":[{"url":"https:\/\/laender-analysen.de\/polen-analysen\/267\/einstellungen-zu-abtreibung-und-zu-den-frauenprotesten\/"}],"genre":"Umfragen","pages":"10-11","abstract":null,"tags":[{"country":"Polen"},{"topic":"Gender (Geschlechterrollen)"},{"topic":"Proteste"}],"identifier":null},{"title":"Covid-19 in Polen","author":null,"type":"article","date":"2020-12-15T00:00:00+01:00","journal":[{"name":"Polen-Analysen","shortcode":"PA"}],"issue":"267","link":[{"url":"https:\/\/laender-analysen.de\/polen-analysen\/267\/covid-19-in-polen\/"}],"genre":"Statistik","pages":"12-14","abstract":null,"tags":[{"country":"Polen"},{"topic":"Gesundheit: Covid-19 Pandemie"}],"identifier":null},{"title":"Covid-19-Chronik, 1. - 14. Dezember 2020","author":null,"type":"article","date":"2020-12-15T00:00:00+01:00","journal":[{"name":"Polen-Analysen","shortcode":"PA"}],"issue":"267","link":[{"url":"https:\/\/laender-analysen.de\/polen-analysen\/267\/covid-19-chronik-1-14-dezember-2020\/"}],"genre":"Chronologie","pages":"15-16","abstract":null,"tags":[{"country":"Polen"},{"topic":"Gesundheit: Covid-19 Pandemie"}],"identifier":null}]