[{"title":"Die deutsch-polnische Sicherheits- und Verteidigungszusammenarbeit: gepr\u00e4gt von unausgesch\u00f6pftem Potential oder struktureller Fragilit\u00e4t?","author":[{"name":"Kirch, Anna-Lena","alternate":"Anna-Lena Kirch","firstname":"Anna-Lena","lastname":"Kirch","id":"anna-lena-kirch","affiliation":[{"institution":"Deutsche Gesellschaft f\u00fcr Ausw\u00e4rtige Politik, Berlin"}]},{"name":"Sus, Monika","alternate":"Monika Sus","firstname":"Monika","lastname":"Sus","id":"monika-sus","affiliation":[{"institution":"Hertie School, Berlin, und Polnische Akademie der Wissenschaften, Warschau"}]}],"type":"article","date":"2020-10-05T00:00:00+02:00","journal":[{"name":"Polen-Analysen","shortcode":"PA"}],"issue":"262","link":[{"url":"https:\/\/laender-analysen.de\/polen-analysen\/262\/die-deutsch-polnische-sicherheits-und-verteidigungszusammenarbeit-gepraegt-von-unausgeschoepftem-potential-oder-struktureller\/"}],"genre":"Analyse","pages":"2-6","abstract":"Diese Analyse betrachtet die bilaterale Sicherheits- und Verteidigungszusammenarbeit zwischen Deutschland und Polen in der Europ\u00e4ischen Union und in der Nato. Der deutsch-polnische Bilateralismus steht in verschiedener Hinsicht im Zentrum der regionalen und transatlantischen Sicherheitsdynamiken \u2013 zum Beispiel aufgrund der geographischen N\u00e4he zu Russland oder der gemeinsamen Mitgliedschaft in B\u00fcndnissen wie der Europ\u00e4ischen Union, der Nato oder der OSZE. \u00dcberdies steht zu erwarten, dass Erkenntnisse \u00fcber die Sicherheits- und Verteidigungskooperation auch auf die deutsch-polnischen Beziehungen in anderen Bereichen \u00fcbertragbar sind. Im Folgenden wird vor allem die Phase nach dem EU-Beitritt Polens betrachtet, ohne die Zeit vor 2004, in der das Fundament f\u00fcr die Sicherheits- und Verteidigungszusammenarbeit gelegt wurde, vollkommen au\u00dfen vor zu lassen. ","tags":[{"country":"Polen"},{"country":"Deutschland"},{"topic":"Sicherheits- und Verteidigungspolitik"},{"topic":"Beziehungen zu den USA"},{"topic":"Beziehungen zur NATO"},{"topic":"Beziehungen zur EU"},{"topic":"Beziehungen zu sonstigen Staaten"}],"identifier":[{"name":"10.31205\/PA.262.01","type":"DOI","url":"https:\/\/doi.org\/10.31205\/PA.262.01"}]},{"title":"Interview von Au\u00dfenminister Heiko Maas mit der Tageszeitung Rzeczpospolita","author":null,"type":"article","date":"2020-10-05T00:00:00+02:00","journal":[{"name":"Polen-Analysen","shortcode":"PA"}],"issue":"262","link":[{"url":"https:\/\/laender-analysen.de\/polen-analysen\/262\/interview-von-aussenminister-heiko-maas-mit-der-tageszeitung-rzeczpospolita\/"}],"genre":"Interview","pages":"7-8","abstract":null,"tags":[{"country":"Polen"},{"country":"Deutschland"},{"topic":"Sicherheits- und Verteidigungspolitik"},{"topic":"Beziehungen zur EU"},{"topic":"Beziehungen zur NATO"},{"topic":"Beziehungen zu sonstigen Staaten"}],"identifier":null},{"title":"Daten zu Truppenst\u00e4rke und Verteidigungsausgaben","author":null,"type":"article","date":"2020-10-05T00:00:00+02:00","journal":[{"name":"Polen-Analysen","shortcode":"PA"}],"issue":"262","link":[{"url":"https:\/\/laender-analysen.de\/polen-analysen\/262\/daten-zu-truppenstaerke-und-verteidigungsausgaben\/"}],"genre":"Statistik","pages":"8-11","abstract":null,"tags":[{"country":"Polen"},{"country":"Deutschland"},{"country":"Europ\u00e4ische Union"},{"country":"USA"},{"topic":"Sicherheits- und Verteidigungspolitik"}],"identifier":null},{"title":"Umfragen zu Sicherheit und Zusammenarbeit","author":null,"type":"article","date":"2020-10-05T00:00:00+02:00","journal":[{"name":"Polen-Analysen","shortcode":"PA"}],"issue":"262","link":[{"url":"https:\/\/laender-analysen.de\/polen-analysen\/262\/umfragen-zu-sicherheit-und-zusammenarbeit\/"}],"genre":"Umfragen","pages":"11-12","abstract":null,"tags":[{"country":"Polen"},{"country":"Deutschland"}],"identifier":null},{"title":"Covid-19 in Polen","author":null,"type":"article","date":"2020-10-05T00:00:00+02:00","journal":[{"name":"Polen-Analysen","shortcode":"PA"}],"issue":"262","link":[{"url":"https:\/\/laender-analysen.de\/polen-analysen\/262\/covid-19-in-polen\/"}],"genre":"Statistik","pages":"13-14","abstract":null,"tags":[{"country":"Polen"},{"topic":"Gesundheit: Covid-19 Pandemie"}],"identifier":null},{"title":"Covid-19-Chronik, 15. September - 5. Oktober 2020","author":null,"type":"article","date":"2020-10-05T00:00:00+02:00","journal":[{"name":"Polen-Analysen","shortcode":"PA"}],"issue":"262","link":[{"url":"https:\/\/laender-analysen.de\/polen-analysen\/262\/covid-19-chronik-15-september-5-oktober-2020\/"}],"genre":"Chronologie","pages":"15-16","abstract":null,"tags":[{"country":"Polen"},{"topic":"Gesundheit: Covid-19 Pandemie"}],"identifier":null}]