[{"title":"Soziale Gerechtigkeit - eine lange verkannte Komponente der polnischen Transformation","author":[{"name":"Garsztecki, Stefan","alternate":"Stefan Garsztecki","firstname":"Stefan","lastname":"Garsztecki","id":"stefan-garsztecki","affiliation":[{"institution":"Technische Universit\u00e4t Chemnitz"}]}],"type":"article","date":"2020-09-15T00:00:00+02:00","journal":[{"name":"Polen-Analysen","shortcode":"PA"}],"issue":"261","link":[{"url":"https:\/\/laender-analysen.de\/polen-analysen\/261\/soziale-gerechtigkeit-eine-lange-verkannte-komponente-der-polnischen-transformation\/"}],"genre":"Analyse","pages":"2-7","abstract":"Die Frage der sozialen Gerechtigkeit steht momentan in Polen aufgrund der Sozialpolitik von Recht und Gerechtigkeit (Prawo i Sprawiedliwo\u015b\u0107 \u2013 PiS) hoch im Kurs. Damit wird seit einigen Jahren ein Thema zur\u00fcck auf die politische Agenda geholt, das in Hochzeiten des freien Marktes scheinbar nur eine Aufgabe der gesellschaftlichen Selbstorganisation und nicht des Staates war. Die PiS kn\u00fcpft hier an Traditionslinien der Gewerkschaft Solidarno\u015b\u0107 an und kann sich zudem auf das Erbe der katholischen Soziallehre wie auch auf gro\u00dfe gesellschaftliche Akzeptanz ihrer Sozialpolitik st\u00fctzen. Internationale Indizes belegen tats\u00e4chlich einen Aufholprozess Polens gegen\u00fcber westlichen L\u00e4ndern bei der Bek\u00e4mpfung von Armut und bei der Einkommensverteilung, allerdings offenbaren diese Indizes auch, dass hinsichtlich der Generationengerechtigkeit oder mit Blick auf die Diskriminierung von sozialen Gruppen die PiS gegenw\u00e4rtig nur einige Aspekte von sozialer Gerechtigkeit implementiert. ","tags":[{"country":"Polen"},{"topic":"Sozialpolitik"}],"identifier":[{"name":"10.31205\/PA.261.01","type":"DOI","url":"https:\/\/doi.org\/10.31205\/PA.261.01"}]},{"title":"Das Programm der PiS, 2019 (Auszug)","author":null,"type":"article","date":"2020-09-15T00:00:00+02:00","journal":[{"name":"Polen-Analysen","shortcode":"PA"}],"issue":"261","link":[{"url":"https:\/\/laender-analysen.de\/polen-analysen\/261\/das-programm-der-pis-2019-auszug\/"}],"genre":"Dokumentation","pages":"7-8","abstract":null,"tags":[{"country":"Polen"},{"topic":"Sozialpolitik"}],"identifier":null},{"title":"Expos\u00e9 des Ministerpr\u00e4sidenten Mateusz Morawiecki, 19. November 2019 (Ausz\u00fcge)","author":null,"type":"article","date":"2020-09-15T00:00:00+02:00","journal":[{"name":"Polen-Analysen","shortcode":"PA"}],"issue":"261","link":[{"url":"https:\/\/laender-analysen.de\/polen-analysen\/261\/expose-des-ministerpraesidenten-mateusz-morawiecki-19-november-2019-auszuege\/"}],"genre":"Dokumentation","pages":"8-9","abstract":null,"tags":[{"country":"Polen"},{"topic":"Sozialpolitik"}],"identifier":null},{"title":"Polen im Gini-Index (2017)","author":null,"type":"article","date":"2020-09-15T00:00:00+02:00","journal":[{"name":"Polen-Analysen","shortcode":"PA"}],"issue":"261","link":[{"url":"https:\/\/laender-analysen.de\/polen-analysen\/261\/polen-im-gini-index-2017\/"}],"genre":"Grafiken","pages":"9-9","abstract":null,"tags":[{"country":"Polen"},{"topic":"Wirtschaftsentwicklung und Wirtschaftspolitik"},{"topic":"Sozialpolitik"}],"identifier":null},{"title":"Einstellungen der polnischen Bev\u00f6lkerung zu sozialpolitischen Ma\u00dfnahmen der PiS und gesellschaftlicher Hilfe sowie die Sicht auf die Struktur der Gesellschaft","author":null,"type":"article","date":"2020-09-15T00:00:00+02:00","journal":[{"name":"Polen-Analysen","shortcode":"PA"}],"issue":"261","link":[{"url":"https:\/\/laender-analysen.de\/polen-analysen\/261\/einstellungen-der-polnischen-bevoelkerung-zu-sozialpolitischen-massnahmen-der-pis-und-gesellschaftlicher-hilfe-sowie-die-sicht\/"}],"genre":"Umfragen","pages":"10-15","abstract":null,"tags":[{"country":"Polen"},{"topic":"Sozialpolitik"},{"topic":"Sozialstruktur"}],"identifier":null},{"title":"Covid-19 in Polen","author":null,"type":"article","date":"2020-09-15T00:00:00+02:00","journal":[{"name":"Polen-Analysen","shortcode":"PA"}],"issue":"261","link":[{"url":"https:\/\/laender-analysen.de\/polen-analysen\/261\/covid-19-in-polen\/"}],"genre":"Statistik","pages":"15-17","abstract":null,"tags":[{"country":"Polen"},{"topic":"Gesundheit: Covid-19 Pandemie"}],"identifier":null},{"title":"Covid-19-Chronik, 1. September - 14. September 2020","author":null,"type":"article","date":"2020-09-15T00:00:00+02:00","journal":[{"name":"Polen-Analysen","shortcode":"PA"}],"issue":"261","link":[{"url":"https:\/\/laender-analysen.de\/polen-analysen\/261\/covid-19-chronik-1-september-14-september-2020\/"}],"genre":"Chronologie","pages":"18-19","abstract":null,"tags":[{"country":"Polen"},{"topic":"Gesundheit: Covid-19 Pandemie"}],"identifier":null}]