[{"title":"Die polnische Wirtschaft in der Corona-Krise","author":[{"name":"P\u0142\u00f3ciennik, Sebastian","alternate":"Sebastian P\u0142\u00f3ciennik","firstname":"Sebastian","lastname":"P\u0142\u00f3ciennik","id":"sebastian-plociennik","affiliation":[{"institution":"Polnisches Institut f\u00fcr Internationale Angelegenheiten, Warschau"}]}],"type":"article","date":"2020-04-21T00:00:00+02:00","journal":[{"name":"Polen-Analysen","shortcode":"PA"}],"issue":"254","link":[{"url":"https:\/\/laender-analysen.de\/polen-analysen\/254\/die-polnsiche-wirtschaft-in-der-corona-krise\/"}],"genre":"Analyse","pages":"2-6","abstract":"Polen sp\u00fcrt schmerzhaft die wirtschaftlichen Auswirkungen infolge der Corona-Pandemie, einschlie\u00dflich der tiefen Rezession und der hohen Arbeitslosigkeit, die sogar ein zweistelliges Niveau erreichen k\u00f6nnte. Die Regierung entschloss sich, dem Zusammenbruch entgegenzuwirken, indem sie einen \u00bbAntikrisenschild\u00ab im Wert von insgesamt 300 Mrd. Zloty (1 Euro = 4,5 Zloty) zusammengestellt hat. Aus polnischer Perspektive ist es wichtig, dass als Nebenfolgen nicht die Destabilisierung des W\u00e4hrungskurses und der makro\u00f6konomischen Situation eintreten. Wichtig wird auch sein, die Grenzen zu den gemeinsamen M\u00e4rkten der Europ\u00e4ischen Union offen zu halten und eine tiefere Spaltung zwischen den Eurostaaten und denen ohne gemeinsame W\u00e4hrung zu verhindern. ","tags":[{"country":"Polen"},{"topic":"Gesundheit"},{"topic":"Wirtschaftsentwicklung und Wirtschaftspolitik"},{"topic":"Gesundheit: Covid-19 Pandemie"}],"identifier":[{"name":"10.31205\/PA.254.01","type":"DOI","url":"https:\/\/doi.org\/10.31205\/PA.254.01"}]},{"title":"Die Polen in Zeiten der Corona-Krise. Z\u00e4hneknirschend nach vorne blicken","author":[{"name":"\u0141ada, Agnieszka","alternate":"Agnieszka \u0141ada","firstname":"Agnieszka","lastname":"\u0141ada","id":"agnieszka-lada","affiliation":[{"institution":"Deutsches Polen-Institut, Darmstadt"}]}],"type":"article","date":"2020-04-21T00:00:00+02:00","journal":[{"name":"Polen-Analysen","shortcode":"PA"}],"issue":"254","link":[{"url":"https:\/\/laender-analysen.de\/polen-analysen\/254\/die-polen-in-zeiten-der-corona-krise-zaehneknirschend-nach-vorne-blicken\/"}],"genre":"Analyse","pages":"6-9","abstract":"Ohne Segen f\u00fcr die Osterspeise und Fr\u00fchst\u00fcck mit der Verwandtschaft, daf\u00fcr mit dem Verbot, die W\u00e4lder zu betreten, Schulaufgaben f\u00fcr Zuhause und der Perspektive, die Pr\u00e4sidentenwahlen per Briefwahl durchzuf\u00fchren: Zu Ostern wurden die Auswirkungen der Corona-Epidemie f\u00fcr die Polen besonders sp\u00fcrbar. Die gesellschaftlichen Folgen der verh\u00e4ngten Ma\u00dfnahmen zur Bek\u00e4mpfung von Covid-19 sowie der nicht verfassungskonformen Briefwahl sind jedoch weitaus gr\u00f6\u00dfer. ","tags":[{"country":"Polen"},{"topic":"Gesundheit"},{"topic":"Wahlen"},{"topic":"Gesundheit: Covid-19 Pandemie"}],"identifier":[{"name":"10.31205\/PA.254.02","type":"DOI","url":"https:\/\/doi.org\/10.31205\/PA.254.02"}]},{"title":"Corona - ein Weg zur\u00fcck zu alten Bildern?","author":[{"name":"Loew, Peter Oliver","alternate":"Peter Oliver Loew","firstname":"Peter Oliver","lastname":"Loew","id":"peter-oliver-loew","affiliation":[{"institution":"Deutsches Polen-Institut, Darmstadt"}]}],"type":"article","date":"2020-04-21T00:00:00+02:00","journal":[{"name":"Polen-Analysen","shortcode":"PA"}],"issue":"254","link":[{"url":"https:\/\/laender-analysen.de\/polen-analysen\/254\/corona-ein-weg-zurueck-zu-alten-bildern\/"}],"genre":"Kommentar","pages":"10-10","abstract":null,"tags":[{"country":"Polen"},{"country":"Deutschland"},{"topic":"Gesundheit: Covid-19 Pandemie"}],"identifier":null},{"title":"Lasst uns machen, was n\u00f6tig ist. Das ist ein Krieg. Interview mit Marek Belka","author":null,"type":"article","date":"2020-04-21T00:00:00+02:00","journal":[{"name":"Polen-Analysen","shortcode":"PA"}],"issue":"254","link":[{"url":"https:\/\/laender-analysen.de\/polen-analysen\/254\/lasst-und-machen-was-noetig-ist-das-ist-ein-krieg\/"}],"genre":"Interview","pages":"11-12","abstract":null,"tags":[{"country":"Polen"},{"topic":"Wirtschaftsentwicklung und Wirtschaftspolitik"},{"topic":"Gesundheit: Covid-19 Pandemie"}],"identifier":null},{"title":"Covid-19 in Polen","author":null,"type":"article","date":"2020-04-21T00:00:00+02:00","journal":[{"name":"Polen-Analysen","shortcode":"PA"}],"issue":"254","link":[{"url":"https:\/\/laender-analysen.de\/polen-analysen\/254\/covid-19-in-polen\/"}],"genre":"Statistik","pages":"13-16","abstract":null,"tags":[{"country":"Polen"},{"topic":"Gesundheit: Covid-19 Pandemie"}],"identifier":null},{"title":"Reaktionen der polnischen Wirtschaft auf die Covid-19-Krise","author":null,"type":"article","date":"2020-04-21T00:00:00+02:00","journal":[{"name":"Polen-Analysen","shortcode":"PA"}],"issue":"254","link":[{"url":"https:\/\/laender-analysen.de\/polen-analysen\/254\/reaktionen-der-polnischen-wirtschaft-auf-die-covid-19-krise\/"}],"genre":"Umfragen","pages":"17-22","abstract":null,"tags":[{"country":"Polen"},{"topic":"Wirtschaftsentwicklung und Wirtschaftspolitik"},{"topic":"Gesundheit: Covid-19 Pandemie"}],"identifier":null},{"title":"Vertrauen in Informationsquellen","author":null,"type":"article","date":"2020-04-21T00:00:00+02:00","journal":[{"name":"Polen-Analysen","shortcode":"PA"}],"issue":"254","link":[{"url":"https:\/\/laender-analysen.de\/polen-analysen\/254\/vertrauen-in-informationsquellen\/"}],"genre":"Umfragen","pages":"22-22","abstract":null,"tags":[{"country":"Polen"},{"topic":"Gesundheit: Covid-19 Pandemie"}],"identifier":null},{"title":"Ausblick auf die finanzielle Situation der privaten Haushalte","author":null,"type":"article","date":"2020-04-21T00:00:00+02:00","journal":[{"name":"Polen-Analysen","shortcode":"PA"}],"issue":"254","link":[{"url":"https:\/\/laender-analysen.de\/polen-analysen\/254\/ausblick-auf-die-finanzielle-situation-der-privaten-haushalte\/"}],"genre":"Umfragen","pages":"23-23","abstract":null,"tags":[{"country":"Polen"},{"topic":"Gesundheit: Covid-19 Pandemie"},{"topic":"Wirtschaftsentwicklung und Wirtschaftspolitik"}],"identifier":null}]