[{"title":"1918 in Polen: Ereignis, Erinnerung, Jubil\u00e4um","author":[{"name":"Loew, Peter Oliver","alternate":"Peter Oliver Loew","firstname":"Peter Oliver","lastname":"Loew","id":"peter-oliver-loew","affiliation":[{"institution":"Deutsches Polen-Institut, Darmstadt"}]}],"type":"article","date":"2018-03-20T00:00:00+01:00","journal":[{"name":"Polen-Analysen","shortcode":"PA"}],"issue":"215","link":[{"url":"https:\/\/laender-analysen.de\/polen-analysen\/215\/1918-in-polen-ereignis-erinnerung-jubilaeum\/"}],"genre":"Analyse","pages":"2-7","abstract":"Das Jahr 1918 ist wesentlicher Bezugspunkt f\u00fcr aktuelle polnische Identit\u00e4tsdiskurse. Der Beitrag schildert knapp die zur Wiederentstehung Polens f\u00fchrenden Ereignisse und stellt dar, wie im vergangenen Jahrhundert daran erinnert wurde oder welche Anstrengungen unternommen wurden, sie zu verdr\u00e4ngen, insbesondere um die Rolle von J\u00f3zef Pi\u0142sudski zu marginalisieren. Gerade in den vergangenen Jahren ist der Unabh\u00e4ngigkeitstag am 11. November zu einem Aufeinandertreffen von nationalistischen bis neofaschistischen und liberalen bis alternativen Geschichtsentw\u00fcrfen geworden. Die Jubil\u00e4umsfeiern des Jahres 2018 werden von einem Komitee unter der Schirmherrschaft von Pr\u00e4sident Andrzej Duda als \u00fcberparteiliche Abfolge zahlloser Veranstaltungen geplant, k\u00f6nnten aber Gefahr laufen, politisch instrumentalisiert zu werden, zumal im Herbst auch die Kommunalwahlen stattfinden werden. ","tags":[{"country":"Polen"},{"topic":"Geschichtsbewusstsein und Vergangenheitspolitik"},{"topic":"Kulturelle Identit\u00e4t"}],"identifier":[{"name":"10.31205\/PA.215.01","type":"DOI","url":"https:\/\/doi.org\/10.31205\/PA.215.01"}]},{"title":"Beschluss des Sejm vom 25. Mai 2017 zum Jahr des 100. Jubil\u00e4ums der Unabh\u00e4ngigkeit Polens","author":null,"type":"article","date":"2018-03-20T00:00:00+01:00","journal":[{"name":"Polen-Analysen","shortcode":"PA"}],"issue":"215","link":[{"url":"https:\/\/laender-analysen.de\/polen-analysen\/215\/beschluss-des-sejm-vom-25-mai-2017-zum-jahr-des-100-jubilaeums-der-unabhaengigkeit-polens\/"}],"genre":"Dokumentation","pages":"7-7","abstract":null,"tags":[{"country":"Polen"}],"identifier":null},{"title":"Ansprache des Pr\u00e4sidenten Andrzej Duda zur Inauguration der Feierlichkeiten zum 100. Jubil\u00e4um der Unabh\u00e4ngigkeit Polens","author":null,"type":"article","date":"2018-03-20T00:00:00+01:00","journal":[{"name":"Polen-Analysen","shortcode":"PA"}],"issue":"215","link":[{"url":"https:\/\/laender-analysen.de\/polen-analysen\/215\/ansprache-des-praesidenten-andrzej-duda-zur-inauguration-der-feierlichkeiten-zum-100-jubilaeum-der-unabhaengigkeit-polens\/"}],"genre":"Dokumentation","pages":"8-12","abstract":null,"tags":[{"country":"Polen"}],"identifier":null},{"title":"Meinungen zu historisch wichtigen Ereignissen","author":null,"type":"article","date":"2018-03-20T00:00:00+01:00","journal":[{"name":"Polen-Analysen","shortcode":"PA"}],"issue":"215","link":[{"url":"https:\/\/laender-analysen.de\/polen-analysen\/215\/meinungen-zu-historisch-wichtigen-ereignissen\/"}],"genre":"Umfragen","pages":"12-12","abstract":null,"tags":[{"country":"Polen"}],"identifier":null}]