[{"title":"Das Verh\u00e4ltnis zwischen Kirche und Staat unter der PiS-Regierung","author":[{"name":"Mechtenberg, Theo","alternate":"Theo Mechtenberg","firstname":"Theo","lastname":"Mechtenberg","id":"theo-mechtenberg","affiliation":[{"institution":"Bad Oeynhausen"}]}],"type":"article","date":"2018-02-20T00:00:00+01:00","journal":[{"name":"Polen-Analysen","shortcode":"PA"}],"issue":"213","link":[{"url":"https:\/\/laender-analysen.de\/polen-analysen\/213\/das-verhaeltnis-zwischen-kirche-und-staat-unter-der-pis-regierung\/"}],"genre":"Analyse","pages":"2-7","abstract":"Innerhalb von nur zwei Jahren zeigte sich im Verh\u00e4ltnis der katholischen Kirche Polens zur nationalkonservativen Regierung ein Wandel. Hatte sie fast geschlossen den Regierungswechsel im Herbst 2015 begr\u00fc\u00dft, so machte sich nach einiger Zeit unter ranghohen Bisch\u00f6fen eine gewisse Ern\u00fcchterung breit, verbunden mit einem Dissens auf einigen politischen Problemfeldern, am deutlichsten in der Fl\u00fcchtlingsfrage. Dieser Wandel wird allerdings nicht von Priestern und Bisch\u00f6fen mitvollzogen, die Pater Tadeusz Rydzyk und seinem Medienimperium nahestehen, so dass von einer f\u00fcr die Kirche gef\u00e4hrlichen inneren Spaltung gesprochen werden kann. ","tags":[{"country":"Polen"},{"topic":"Religion"},{"topic":"Migration"}],"identifier":[{"name":"10.31205\/PA.213.01","type":"DOI","url":"https:\/\/doi.org\/10.31205\/PA.213.01"}]},{"title":"Ich klage an","author":[{"name":"Wi\u015bniewski OP, Pater Ludwik","alternate":"Pater Ludwik Wi\u015bniewski OP","firstname":"Pater Ludwik","lastname":"Wi\u015bniewski OP","id":"pater-ludwik-wisniewski-op","affiliation":[{"institution":"Lublin"}]}],"type":"article","date":"2018-02-20T00:00:00+01:00","journal":[{"name":"Polen-Analysen","shortcode":"PA"}],"issue":"213","link":[{"url":"https:\/\/laender-analysen.de\/polen-analysen\/213\/ich-klage-an\/"}],"genre":"Dokumentation","pages":"7-11","abstract":null,"tags":[{"country":"Polen"}],"identifier":null},{"title":"Erkl\u00e4rung der Polnischen Bischofskonferenz vom 17.01.2018 zum Artikel von Pater Ludwik Wi\u015bniewski unter dem Titel \u00bbIch klage an\u00ab","author":null,"type":"article","date":"2018-02-20T00:00:00+01:00","journal":[{"name":"Polen-Analysen","shortcode":"PA"}],"issue":"213","link":[{"url":"https:\/\/laender-analysen.de\/polen-analysen\/213\/erklaerung-der-polnischen-bischofskonferenz-vom-17.01.2018-zum-artikel-von-pater-ludwik-wisniewski-unter-dem-titel-ich-klage-an\/"}],"genre":"Dokumentation","pages":"11-11","abstract":null,"tags":[{"country":"Polen"}],"identifier":null}]