[{"title":"Polen in der Europ\u00e4ischen Union: Konflikte und falsche Ans\u00e4tze","author":[{"name":"Buras, Piotr","alternate":"Piotr Buras","firstname":"Piotr","lastname":"Buras","id":"piotr-buras","affiliation":[{"institution":"European Council on Foreign Relations, Warschau"}]}],"type":"article","date":"2017-10-04T00:00:00+02:00","journal":[{"name":"Polen-Analysen","shortcode":"PA"}],"issue":"206","link":[{"url":"https:\/\/laender-analysen.de\/polen-analysen\/206\/polen-in-der-europaeischen-union-konflikte-und-falsche-ansaetze\/"}],"genre":"Analyse","pages":"2-6","abstract":"Nach zwei Jahren Regierungst\u00e4tigkeit von Recht und Gerechtigkeit (Prawo i Sprawiedliwo\u015b\u0107 \u2013 PiS) befinden sich die Beziehungen zwischen Polen und den Institutionen der Europ\u00e4ischen Union und ihren wichtigsten Mitgliedsstaaten in einer tiefen Krise. Obgleich sich die Unterst\u00fctzung f\u00fcr die Mitgliedschaft Polens in der EU weiter auf einem sehr hohen Niveau h\u00e4lt (\u00fcber 80 Prozent), f\u00e4llt in der \u00f6ffentlichen Debatte immer h\u00e4ufiger das Schlagwort \u00bbPolexit\u00ab \u2013 wenn auch bisher nur als Warnung vor den verheerenden Folgen der Auseinandersetzungen zwischen Polen und der EU. Ein Austritt Polens aus der EU nach britischem Muster ist nicht das Ziel der regierenden Partei und w\u00fcrde sicherlich nicht auf die Zustimmung der Bev\u00f6lkerung sto\u00dfen. In der sich ver\u00e4ndernden EU, deren wichtigste Parameter demn\u00e4chst ein elastisches Integrationsmodell und (nach dem \u00bbBrexit\u00ab) die Dominanz der Eurozone werden, kann allerdings der aktuelle Kurs Warschaus weitreichende Folgen nach sich ziehen. ","tags":[{"country":"Polen"},{"country":"Europ\u00e4ische Union"},{"topic":"Beziehungen zur EU"}],"identifier":[{"name":"10.31205\/PA.206.01","type":"DOI","url":"https:\/\/doi.org\/10.31205\/PA.206.01"}]},{"title":"Einstellungen zur EU","author":null,"type":"article","date":"2017-10-04T00:00:00+02:00","journal":[{"name":"Polen-Analysen","shortcode":"PA"}],"issue":"206","link":[{"url":"https:\/\/laender-analysen.de\/polen-analysen\/206\/einstellungen-zur-eu\/"}],"genre":"Umfragen","pages":"7-9","abstract":null,"tags":[{"country":"Polen"},{"country":"Europ\u00e4ische Union"}],"identifier":null},{"title":"Die Bewertung der Regierung","author":null,"type":"article","date":"2017-10-04T00:00:00+02:00","journal":[{"name":"Polen-Analysen","shortcode":"PA"}],"issue":"206","link":[{"url":"https:\/\/laender-analysen.de\/polen-analysen\/206\/die-bewertung-der-regierung\/"}],"genre":"Umfragen","pages":"9-10","abstract":null,"tags":[{"country":"Polen"}],"identifier":null}]