[{"title":"Kaczy\u0144skis PiS und die &quot;Dekommunisierung&quot;. Entprofessionalisierung durch Personalwechsel in Justiz, Diplomatie und Streitkr\u00e4ften","author":[{"name":"Vetter, Reinhold","alternate":"Reinhold Vetter","firstname":"Reinhold","lastname":"Vetter","id":"reinhold-vetter","affiliation":[{"institution":"Warschau\/Berlin"}]}],"type":"article","date":"2017-05-16T00:00:00+02:00","journal":[{"name":"Polen-Analysen","shortcode":"PA"}],"issue":"200","link":[{"url":"https:\/\/laender-analysen.de\/polen-analysen\/200\/kaczynskis-pis-und-die-entprofessionalisierung-durch-personalwechsel-in-justiz-diplomatie-und-streitkraef\/"}],"genre":"Analyse","pages":"2-5","abstract":"Seit dem Machtantritt der Nationalkonservativen um Jaros\u0142aw Kaczy\u0144ski im Jahr 2015 sind umfangreiche Personalwechsel in zentralen staatlichen und \u00f6ffentlichen Institutionen ein wesentliches Element ihrer Politik. Betraf dies zun\u00e4chst vor allem die Medien, das kulturelle Leben und geschichtspolitisch relevante Institutionen, so gilt dies inzwischen auch und gerade f\u00fcr die Justiz, die Diplomatie und die Streitkr\u00e4fte. Zur Begr\u00fcndung wird angef\u00fchrt, man wolle postkommunistische Hinterlassenschaften in diesen Institutionen beseitigen \u2013 ein Argument, das fast drei Jahrzehnte nach Beginn der Transformation wenig glaubw\u00fcrdig ist. Tats\u00e4chlich geht es um die Besetzung der frei werdenden Posten mit eigenen Parteig\u00e4ngern, oft unabh\u00e4ngig von ihrer fachlichen Qualifikation. Das Ergebnis ist die Schw\u00e4chung der Justiz als dritter Staatsgewalt sowie die Isolierung Polens in der internationalen Diplomatie und der europ\u00e4ischen bzw. euroatlantischen Verteidigungspolitik. ","tags":[{"country":"Polen"},{"topic":"Sicherheits- und Verteidigungspolitik"},{"topic":"Innere Sicherheit und Geheimdienste"},{"topic":"Parteien"},{"topic":"Politisches System"},{"topic":"Staatsverwaltung"},{"topic":"Rechtssystem"},{"topic":"Geschichtsbewusstsein und Vergangenheitspolitik"}],"identifier":[{"name":"10.31205\/PA.200.01","type":"DOI","url":"https:\/\/doi.org\/10.31205\/PA.200.01"}]},{"title":"Umfragen zu Landesjustizrat, Politikern, Regierung und Parteien","author":null,"type":"article","date":"2017-05-16T00:00:00+02:00","journal":[{"name":"Polen-Analysen","shortcode":"PA"}],"issue":"200","link":[{"url":"https:\/\/laender-analysen.de\/polen-analysen\/200\/umfragen-zu-landesjustizrat-politikern-regierung-und-parteien\/"}],"genre":"Umfragen","pages":"6-10","abstract":null,"tags":[{"country":"Polen"}],"identifier":null}]