[{"title":"Migrationskrise und Misserfolg der Politik, mit Gewalt Druck auszu\u00fcben","author":[{"name":"Kasakevich, Andrei","alternate":"Andrei Kasakevich","firstname":"Andrei","lastname":"Kasakevich","id":"andrei-kasakevich","affiliation":[{"institution":"Institut f\u00fcr Politische Studien \u00bbPolitische Sph\u00e4re\u00ab, Minsk"}]}],"type":"article","date":"2021-12-23T00:00:00+01:00","journal":[{"name":"Belarus-Analysen","shortcode":"BA"}],"issue":"58","link":[{"url":"https:\/\/laender-analysen.de\/belarus-analysen\/58\/migrationskrise-und-misserfolg-der-politik-mit-gewalt-druck-auszuueben\/"}],"genre":"Kommentar","pages":"2-3","abstract":null,"tags":[{"country":"Belarus"},{"topic":"Beziehungen zur EU"},{"topic":"Sanktionen"},{"topic":"Migration"},{"topic":"Innere Sicherheit und Geheimdienste"},{"topic":"Menschenrechte"}],"identifier":null},{"title":"(K)Eine Migrationskrise in Belarus? Die EU und die Funktionalisierung von Migration","author":[{"name":"D\u00fcvell, Franck","alternate":"Franck D\u00fcvell","firstname":"Franck","lastname":"D\u00fcvell","id":"franck-duevell","affiliation":[{"institution":"Institut f\u00fcr Migrationsforschung und Interkulturelle Studien, Universit\u00e4t Osnabr\u00fcck"}]}],"type":"article","date":"2021-12-23T00:00:00+01:00","journal":[{"name":"Belarus-Analysen","shortcode":"BA"}],"issue":"58","link":[{"url":"https:\/\/laender-analysen.de\/belarus-analysen\/58\/k-eine-migrationskrise-in-belarus-die-eu-und-die-funktionalisierung-von-migration\/"}],"genre":"Kommentar","pages":"4-5","abstract":null,"tags":[{"country":"Belarus"},{"topic":"Beziehungen zur EU"},{"topic":"Sanktionen"},{"topic":"Migration"},{"topic":"Innere Sicherheit und Geheimdienste"},{"topic":"Menschenrechte"}],"identifier":null},{"title":"Das Scheitern Lukaschenkas aggressiver Migrationspolitik","author":[{"name":"Zochowski, Piotr","alternate":"Piotr Zochowski","firstname":"Piotr","lastname":"Zochowski","id":"piotr-zochowski","affiliation":[{"institution":"Zentrum f\u00fcr Oststudien\u00a0\u2013 OSW, Warschau"}]}],"type":"article","date":"2021-12-23T00:00:00+01:00","journal":[{"name":"Belarus-Analysen","shortcode":"BA"}],"issue":"58","link":[{"url":"https:\/\/laender-analysen.de\/belarus-analysen\/58\/das-scheitern-lukaschenkas-aggressiver-migrationspolitik\/"}],"genre":"Kommentar","pages":"5-6","abstract":null,"tags":[{"country":"Belarus"},{"topic":"Beziehungen zur EU"},{"topic":"Sanktionen"},{"topic":"Innere Sicherheit und Geheimdienste"},{"topic":"Migration"},{"topic":"Menschenrechte"}],"identifier":null},{"title":"Belarus vor dem Referendum 2022:  Verfassungsreform und Protestbereitschaft","author":[{"name":"Burkhardt, Fabian","alternate":"Fabian Burkhardt","firstname":"Fabian","lastname":"Burkhardt","id":"fabian-burkhardt","affiliation":[{"institution":"Leibniz-Institut f\u00fcr Ost- und S\u00fcdosteuropaforschung Regensburg"}]},{"name":"Dollbaum, Jan Matti","alternate":"Jan Matti Dollbaum","firstname":"Jan Matti","lastname":"Dollbaum","id":"jan-matti-dollbaum","affiliation":[{"institution":"Universit\u00e4t Bremen"}]}],"type":"article","date":"2021-12-23T00:00:00+01:00","journal":[{"name":"Belarus-Analysen","shortcode":"BA"}],"issue":"58","link":[{"url":"https:\/\/laender-analysen.de\/belarus-analysen\/58\/belarus-vor-dem-referendum-2022-verfassungsreform-und-protestbereitschaft\/"}],"genre":"Analyse","pages":"7-11","abstract":"Infolge der Proteste gegen die offiziellen Ergebnisse der Pr\u00e4sidentschaftswahl von 2020 hat Aljaksandr Lukaschenka im Fr\u00fchjahr 2021 die Pl\u00e4ne zu einer Verfassungsreform wieder aufgenommen. Ziel des Vorsto\u00dfes ist es, einerseits dem Wunsch nach Ver\u00e4nderung aus der Bev\u00f6lkerung entgegenzukommen, ohne auf die Forderung nach Neuwahlen zu reagieren. Andererseits scheint er zu beabsichtigen, die Ver\u00e4nderung so zu gestalten, dass seine Macht im Pr\u00e4sidentenamt vorerst gefestigt wird. Ergebnisse einer Online-Umfrage legen nahe, dass die von Lukaschenka vorgeschlagenen Verfassungs\u00e4nderungen wohl kaum ausreichen werden, um der breiten gesellschaftlichen Nachfrage nach Demokratisierung und Machtbeschr\u00e4nkung auch nur ann\u00e4hernd nachzukommen\u00a0\u2013 aber auch, dass sich Unterst\u00fctzer:innen und Gegner:innen Lukaschenkas nicht in jeder Hinsicht unvers\u00f6hnlich gegen\u00fcberstehen.","tags":[{"country":"Belarus"},{"topic":"Politische Stimmung (Umfragen)"},{"topic":"Politische Kultur"},{"topic":"Proteste"},{"topic":"Politisches System"},{"topic":"Wahlen"}],"identifier":[{"name":"10.31205\/BA.058.01","type":"DOI","url":"https:\/\/doi.org\/10.31205\/BA.058.01"}]},{"title":"Proteste und Verfassungs\u00e4nderungen in Belarus (September\/Dezember 2021)","author":null,"type":"article","date":"2021-12-23T00:00:00+01:00","journal":[{"name":"Belarus-Analysen","shortcode":"BA"}],"issue":"58","link":[{"url":"https:\/\/laender-analysen.de\/belarus-analysen\/58\/proteste-und-verfassungsaenderungen-in-belarus-september-dezember-2021\/"}],"genre":"Umfragen","pages":"12-15","abstract":null,"tags":[{"country":"Belarus"},{"topic":"Politische Stimmung (Umfragen)"}],"identifier":null},{"title":"Covid-19-Chronik, 20. Juni \u2013 29. Oktober 2021","author":null,"type":"article","date":"2021-12-23T00:00:00+01:00","journal":[{"name":"Belarus-Analysen","shortcode":"BA"}],"issue":"58","link":[{"url":"https:\/\/laender-analysen.de\/belarus-analysen\/58\/covid-19-chronik-20-juni-29-oktober-2021\/"}],"genre":"Chronologie","pages":"16-16","abstract":null,"tags":[{"country":"Belarus"},{"topic":"Gesundheit: Covid-19 Pandemie"}],"identifier":null}]