[{"title":"Zum ersten Mal seit 1994 gibt es keine Garantie f\u00fcr Lukaschenkas Wiederwahl","author":[{"name":"Bykouski, Pavel","alternate":"Pavel Bykouski","firstname":"Pavel","lastname":"Bykouski","id":"pavel-bykouski","affiliation":[{"institution":"Journalist, Medienexperte und politischer Beobachter, Minsk"}]}],"type":"article","date":"2020-07-08T00:00:00+02:00","journal":[{"name":"Belarus-Analysen","shortcode":"BA"}],"issue":"50","link":[{"url":"https:\/\/laender-analysen.de\/belarus-analysen\/50\/zum-ersten-mal-seit-1994-gibt-es-keine-garantie-fuer-lukaschenkas-wiederwahl\/"}],"genre":"Analyse","pages":"2-5","abstract":"Zum ersten Mal in den 26\u00a0Jahren der Herrschaft von Aljaksandr Lukaschenka in Belarus stehen Pr\u00e4sidentschaftswahlen an, die vom Pr\u00e4sidenten und von der Gesellschaft als Wahlen betrachtet werden, bei denen es einen Wettbewerb gibt und das Ergebnis nicht im Voraus feststeht. Es gibt bei den Wahlen eine personelle Alternative zu Lukaschenka, und der amtierende Pr\u00e4sident beschuldigt seine Konkurrenten, sie w\u00fcrden Verbindungen zu Russland unterhalten, auch wenn er selbst mit der Parole einer Integration von Belarus und Russland aufgetreten ist. Dieser Beitrag bietet eine kurze Analyse der wichtigsten Tendenzen bei diesen Wahlen.","tags":[{"country":"Belarus"},{"topic":"Wahlen"}],"identifier":[{"name":"10.31205\/BA.050.01","type":"DOI","url":"https:\/\/doi.org\/10.31205\/BA.050.01"}]},{"title":"Pr\u00e4sidentschaftswahlen","author":null,"type":"article","date":"2020-07-08T00:00:00+02:00","journal":[{"name":"Belarus-Analysen","shortcode":"BA"}],"issue":"50","link":[{"url":"https:\/\/laender-analysen.de\/belarus-analysen\/50\/praesidentschaftswahlen\/"}],"genre":"Statistik","pages":"6-6","abstract":null,"tags":[{"country":"Belarus"},{"topic":"Wahlen"}],"identifier":null},{"title":"Belarus vor den Wahlen: Einige soziologische Aspekte","author":[{"name":"Vardomatski, Andrei","alternate":"Andrei Vardomatski","firstname":"Andrei","lastname":"Vardomatski","id":"andrei-vardomatski","affiliation":[{"institution":"Belarusian Analytical Workroom, Warschau"}]}],"type":"article","date":"2020-07-08T00:00:00+02:00","journal":[{"name":"Belarus-Analysen","shortcode":"BA"}],"issue":"50","link":[{"url":"https:\/\/laender-analysen.de\/belarus-analysen\/50\/belarus-vor-den-wahlen-einige-soziologische-aspekte\/"}],"genre":"Analyse","pages":"7-10","abstract":"Niemand hatte angenommen, dass die Pr\u00e4sidentschaftswahlen 2020 in Belarus sich als derart dramatisch herausstellen w\u00fcrden, wie es derzeit zu beobachten ist. Noch vor einem halben Jahr schien es, als w\u00fcrden sie lediglich eine Wiederholung der \u00f6den Wahlen von 2015. Die vielz\u00e4hligen St\u00e4nde der Initiativgruppen der alternativen Kandidaten, die mehrere Hundert Meter langen Schlangen von Leuten, die jedem Kandidaten, nur nicht Aljaksandr Lukaschenka ihre Unterschrift geben wollen, und das Erscheinen von ganz neuen potenziellen Kandidaten haben diese Wahlen \u00fcberraschend und unberechenbar gemacht. Es gibt zwei Gr\u00fcnde, weswegen sie mit fr\u00fcheren Wahlen nicht vergleichbar sind: das Coronavirus und die gegenw\u00e4rtige wirtschaftliche Lage von Belarus. In ihrem Zusammenspiel haben diese beiden Faktoren einen kumulativen Effekt. Die Lage der Wirtschaft ist im Vorfeld der Wahlen eine Art Schwarzpulver und das Coronavirus die Z\u00fcndschnur dazu. Der Beitrag untermauert diese These mit einigen soziologischen Daten.","tags":[{"country":"Belarus"},{"topic":"Wahlen"},{"topic":"Gesundheit: Covid-19 Pandemie"}],"identifier":[{"name":"10.31205\/BA.050.02","type":"DOI","url":"https:\/\/doi.org\/10.31205\/BA.050.02"}]},{"title":"Covid-19: Zur Frage der \u00bbstatistischen Anomalie\u00ab in Belarus","author":[{"name":"Rudkouski, Piotr","alternate":"Piotr Rudkouski","firstname":"Piotr","lastname":"Rudkouski","id":"piotr-rudkouski","affiliation":[{"institution":"Belarussisches Institut f\u00fcr Strategische Studien\u00a0\u2013 BISS, Minsk"}]}],"type":"article","date":"2020-07-08T00:00:00+02:00","journal":[{"name":"Belarus-Analysen","shortcode":"BA"}],"issue":"50","link":[{"url":"https:\/\/laender-analysen.de\/belarus-analysen\/50\/covid-19-zur-frage-der-statistischen-anomalie-in-belarus\/"}],"genre":"Analyse","pages":"11-13","abstract":"Die erste Infektion mit dem Virus SARS-CoV-2 in Belarus wurde am 28.\u00a0Februar 2020 festgestellt, exakt einen Monat nachdem in Deutschland der erste Fall best\u00e4tigt wurde. Anders als in Deutschland und den \u00fcbrigen europ\u00e4ischen Staaten beschr\u00e4nkte sich Belarus auf minimale Ma\u00dfnahmen zur Eind\u00e4mmung der Pandemie. Am 9.\u00a0Mai wurde die Parade anl\u00e4sslich des Tages des Sieges im Zweiten Weltkrieg abgehalten, an der rund 20.000 Menschen teilnahmen. Praktisch alle Einrichtungen arbeiten vollkommen planm\u00e4\u00dfig, es gab zu keinem Zeitpunkt eine Pflicht, in der \u00d6ffentlichkeit Schutzmasken zu tragen. Gleichzeitig geh\u00f6rt die Sterberate durch CoViD-19 in Belarus\u00a0\u2013 der offiziellen Statistik zufolge\u00a0\u2013 zu den niedrigsten in Europa. Das alles macht den Fall Belarus so besonders, wenn nicht gar einzigartig. Dieser Beitrag unternimmt den Versuch, diesen Fall\u00a0\u2013 genauer gesagt: den Kern der Widerspr\u00fcche, n\u00e4mlich die \u00bbstatistische Anomalie\u00ab in Belarus hinsichtlich der Pandemie\u00a0\u2013 m\u00f6glichst unvoreingenommen zu analysieren. ","tags":[{"country":"Belarus"},{"topic":"Gesundheit: Covid-19 Pandemie"},{"topic":"Gesundheit"}],"identifier":[{"name":"10.31205\/BA.050.03","type":"DOI","url":"https:\/\/doi.org\/10.31205\/BA.050.03"}]},{"title":"Covid-19 in Belarus im Vergleich","author":null,"type":"article","date":"2020-07-08T00:00:00+02:00","journal":[{"name":"Belarus-Analysen","shortcode":"BA"}],"issue":"50","link":[{"url":"https:\/\/laender-analysen.de\/belarus-analysen\/50\/covid-19-in-belarus-im-vergleich\/"}],"genre":"Statistik","pages":"14-19","abstract":null,"tags":[{"country":"Belarus"},{"topic":"Gesundheit: Covid-19 Pandemie"}],"identifier":null},{"title":"Covid-19-Chronik, 13. April\u00a0\u2013 14. Juni 2020","author":null,"type":"article","date":"2020-07-08T00:00:00+02:00","journal":[{"name":"Belarus-Analysen","shortcode":"BA"}],"issue":"50","link":[{"url":"https:\/\/laender-analysen.de\/belarus-analysen\/50\/covid-19-chronik-13-april-14-juni-2020\/"}],"genre":"Chronologie","pages":"20-23","abstract":null,"tags":[{"country":"Belarus"},{"topic":"Gesundheit: Covid-19 Pandemie"}],"identifier":null}]